{"id":52,"date":"2024-11-24T16:15:59","date_gmt":"2024-11-24T15:15:59","guid":{"rendered":"http:\/\/mediainformacyjne.com\/BiznesClubQ\/?p=52"},"modified":"2024-11-24T19:09:36","modified_gmt":"2024-11-24T18:09:36","slug":"zubr-europejski-bison-bonasus","status":"publish","type":"post","link":"http:\/\/mediainformacyjne.com\/BiznesClubQ\/2024\/11\/24\/zubr-europejski-bison-bonasus\/","title":{"rendered":"\u017bubr Europejski &#8211; Bison bonasus"},"content":{"rendered":"\n<p>\u017bubr jest najwi\u0119kszym zwierz\u0119ciem \u017cyj\u0105cym w Europie. Pot\u0119\u017cne, rogate zwierz\u0119ta, o charakterystycznym garbie, wygl\u0105daj\u0105 jakby przyw\u0119drowa\u0142y z prehistorycznych czas\u00f3w. Niegdy\u015b, gdy Europ\u0119 pokrywa\u0142y bujne lasy, ich domem by\u0142 niemal ca\u0142y obszar naszego kontynentu, dzi\u015b wyst\u0119puj\u0105 bardzo rzadko i na wolno\u015bci mo\u017cna spotka\u0107 je tylko w nielicznych miejscach na \u015bwiecie.<\/p>\n\n\n\n<p>Liczebno\u015b\u0107<\/p>\n\n\n\n<p>Obecnie liczba \u017cubr\u00f3w wolno \u017cyj\u0105cych na \u015bwiecie wynosi oko\u0142o 3623 (dane z 2013 r.). W\u015br\u00f3d kraj\u00f3w, na terenie kt\u00f3rych \u017cyj\u0105 \u017cubry, Polska mo\u017ce poszczyci\u0107 si\u0119 najwi\u0119kszym stadem \u2013 mamy ich ponad 1100, a wi\u0119c co trzeci \u017cubr to \u201ePolak\u201d. Najwi\u0119cej tych zwierz\u0105t \u017cyje w Puszczy Bia\u0142owieskiej oraz Bieszczadach. Na podstawie szacunk\u00f3w wykonywanych corocznie przez jednostki Las\u00f3w Pa\u0144stwowych, na obszarze 53 4818 ha obj\u0119tych projektem \u017cyje ponad 340 \u017cubr\u00f3w.<\/p>\n\n\n\n<p>Opis gatunku<\/p>\n\n\n\n<p>&#8211; Masa cia\u0142a: 320\u2013900 kg<\/p>\n\n\n\n<p>&#8211; D\u0142ugo\u015b\u0107 cia\u0142a: 2,4\u20133,5 m<\/p>\n\n\n\n<p>&#8211; Wysoko\u015b\u0107 w k\u0142\u0119bie: 160 \u2013200 cm<\/p>\n\n\n\n<p>&#8211; Dymorfizm p\u0142ciowy: samce wi\u0119ksze, inny kszta\u0142t rog\u00f3w<\/p>\n\n\n\n<p>&#8211; Od\u017cywianie: ro\u015blino\u017cerca<\/p>\n\n\n\n<p>&#8211; D\u0142ugo\u015b\u0107 \u017cycia: 20\u201325 lat<\/p>\n\n\n\n<p>&#8211; Tryb \u017cycia: \u017cyje w stadach<\/p>\n\n\n\n<p>Biologia i ekologia<\/p>\n\n\n\n<p>\u017bubry s\u0105 zwierz\u0119tami socjalnymi, czyli \u017cyj\u0105 w grupach. Uwidacznia si\u0119 to szczeg\u00f3lnie zim\u0105, gdy \u017cubry gromadz\u0105 si\u0119 wok\u00f3\u0142 miejsc, gdzie s\u0105 dokarmiane, tworz\u0105c stada licz\u0105ce do kilkudziesi\u0119ciu zwierz\u0105t, a czasem przekraczaj\u0105ce nawet 100 osobnik\u00f3w. Typowa grupa w sezonie wegetacyjnym liczy 10\u201320 osobnik\u00f3w i sk\u0142ada si\u0119 z doros\u0142ych \u017cubrzyc, zwanych krowami, oraz m\u0142odzie\u017cy w wieku 2\u20133 lat. Wiosn\u0105 w stadach pojawiaj\u0105 si\u0119 nowo narodzone ciel\u0119ta, a na jesieni, w okresie godowym (sierpie\u0144\u2013wrzesie\u0144) do\u0142\u0105czaj\u0105 do nich doros\u0142e byki. Poza sezonem godowym byki chodz\u0105 pojedynczo, szczeg\u00f3lnie stare osobniki, a m\u0142odsze w niewielkich grupach, licz\u0105cych 2\u20133 samce (maksymalnie 8). \u017bubry \u017cyj\u0105 stosunkowo kr\u00f3tko, samice rzadko do\u017cywaj\u0105 25 lat, a samce 20. Maj\u0105 niewielu naturalnych wrog\u00f3w; mog\u0105 by\u0107 ofiar\u0105 nied\u017awiedzi, natomiast wilki nie stanowi\u0105 wi\u0119kszego zagro\u017cenia dla \u017cyj\u0105cych w stadach tak pot\u0119\u017cnych i silnych zwierz\u0105t. Area\u0142, po jakim \u017cubry poruszaj\u0105 si\u0119 zim\u0105, to zaledwie 10 km2, natomiast latem rozpraszaj\u0105 si\u0119 na mniejsze grupy i w\u0119druj\u0105 w poszukiwaniu pokarmu po areale nawet 70 km2. \u017bubry to typowi ro\u015blino\u017cercy; najwi\u0119ksz\u0105 cz\u0119\u015b\u0107 ich pokarmu stanowi\u0105 ro\u015bliny runa le\u015bnego, trawy i zio\u0142a, a zim\u0105 kora, \u017co\u0142\u0119dzie, p\u0119dy, np. je\u017cyn. Pomimo swoich gabaryt\u00f3w, te pot\u0119\u017cne zwierz\u0119ta potrafi\u0105 galopowa\u0107 na kr\u00f3tkich dystansach z pr\u0119dko\u015bci\u0105 ponad 40 km\/h, a w przypadku zagro\u017cenia przeskakuj\u0105 ogrodzenia mierz\u0105ce nawet 2 m.<\/p>\n\n\n\n<p>Ochrona i zagro\u017cenia<\/p>\n\n\n\n<p>W Bieszczadach \u017cubry wygin\u0119\u0142y w XVIII w. W latach 60\u201380 XX w. sprowadzono ponownie \u017cubra do karpackiej puszczy. W Bieszczadach \u017cubry wyst\u0119puj\u0105 w dw\u00f3ch subpopulacjach (wschodniej i zachodniej), kt\u00f3re do niedawna nie kontaktowa\u0142y si\u0119 ze sob\u0105. W zwi\u0105zku ze sta\u0142ym zwi\u0119kszaniem si\u0119 liczebno\u015bci (obecnie ponad 340 osobnik\u00f3w), pojedyncze osobniki zacz\u0119\u0142y si\u0119 przemieszcza\u0107 pomi\u0119dzy tymi ugrupowaniami. Zagro\u017ceniami dla zachowania populacji \u017cubra jest niska zmienno\u015b\u0107 genetyczna oraz r\u00f3\u017cnego rodzaju choroby, np. gru\u017alica.<\/p>\n\n\n\n<p>Prawo unijne<\/p>\n\n\n\n<p>&#8211; Dyrektywa Siedliskowa \u2013 Za\u0142\u0105cznik II i IV<\/p>\n\n\n\n<p>&#8211; Konwencja Berne\u0144ska \u2013 Za\u0142\u0105cznik III<\/p>\n\n\n\n<p>Prawo krajowe<\/p>\n\n\n\n<p>&#8211; Ochrona gatunkowa \u2013 ochrona \u015bcis\u0142a \u2013 gatunek wymagaj\u0105cy ochrony czynnej<\/p>\n\n\n\n<p>Kategoria zagro\u017cenia IUCN<\/p>\n\n\n\n<p>&#8211; Czerwona lista gatunk\u00f3w zagro\u017conych IUCN \u2013 VU (ang. vulnerable)<\/p>\n\n\n\n<p>&#8211; Polska czerwona ksi\u0119ga zwierz\u0105t (2001) \u2013 EN (ang. endangered)<\/p>\n\n\n\n<p>&#8211; Czerwona lista zwierz\u0105t gin\u0105cych i zagro\u017conych w Polsce (2002) \u2013 EN<\/p>\n\n\n\n<p>&#8211; Czerwona lista dla Karpat (2003) \u2013 EN (ang. endangered), w Polsce VU (ang. vulnerable)<\/p>\n\n\n\n<p>&#8212;&#8212;&#8212;&#8212;&#8212;&#8212;&#8212;&#8212;&#8212;&#8212;&#8212;&#8212;&#8212;&#8212;&#8212;&#8212;&#8212;&#8212;&#8212;&#8212;&#8212;&#8212;&#8212;&#8212;&#8212;&#8212;&#8212;&#8212;<\/p>\n\n\n\n<p>EUROPEAN WISENT Bison bonasus<\/p>\n\n\n\n<p>Wisents are the largest animals living in Europe. Powerful, horned beats with a distinctive hump, they look like straight out of prehistoric times. A long time ago, when Europe was covered in lush forests, they inhabited the entire continent; today they are very rare and can only be encountered in the wild in very few places.<\/p>\n\n\n\n<p>Numbers<\/p>\n\n\n\n<p>Currently, the number of wisents living in the wild is ca. 3623 (data from 2013). Among the countries harbouring them, Poland can boast the largest herd \u2013 more than 1100 specimens, therefore one in every three wisents is Polish. The largest number of these animals reside in the Bia\u0142owie\u017ca Forest and the Bieszczady Mountains. Based on annual estimates performed by various units of the State Forests, the area of 53 4818 ha covered by the project is home to more than 340 wisents.<\/p>\n\n\n\n<p>Species Description<\/p>\n\n\n\n<p>&#8211; Body Mass: 320\u2013900 kg<\/p>\n\n\n\n<p>&#8211; Body Length: 2.4\u20133.5 m<\/p>\n\n\n\n<p>&#8211; Shoulder Height: 160\u2013200 cm<\/p>\n\n\n\n<p>&#8211; Sexual Dimorphism: males are larger, different horn shape<\/p>\n\n\n\n<p>&#8211; Nutrition: herbivore<\/p>\n\n\n\n<p>&#8211; Lifespan: 20\u201325 years<\/p>\n\n\n\n<p>&#8211; Lifestyle: lives in herds<\/p>\n\n\n\n<p>Biology and ecology<\/p>\n\n\n\n<p>Wisents are social animals, i.e. they live in groups. This is particularly visible during winter, when wisents gather around places, where feed is left for them, creating herds of up to a few dozen animals, and sometimes even exceeding 100 specimens. A typical group in the vegetation period is ca. 10\u201320 specimens and consists of adult cows and teenagers between 2 and 3 years. In spring, herd numbers are increased by new-born calves, and autumn in the mating season (August\u2013September) are supplemented with adult bulls. Outside the mating season, the bulls roam individually, especially old ones, and the younger ones stay in small groups, of 2 to 3 specimens (maximum of 8). Wisent life-span is relatively short, females rarely reach 25 years, and males, 20. They have few natural enemies; they may fall prey to bears, while wolves are not a greater threat for a herd of such strong animals. The territory, roamed by the wisents in winter is only 10 km2, while in the summer, disperse into smaller groups and roam in search of food on a territory of up to 70 km2. Wisents are typical herbivores; they eat mostly plants of the underbrush, grasses and herbs, and in the winter, bark, acorns, sprouts of e.g. blackberries. Despite their size, these powerful animals are able to gallop on short distances at speeds exceeding 40 km\/h, and if threatened, jump over fencing even 2 m in height.<\/p>\n\n\n\n<p>Protection and hazards<\/p>\n\n\n\n<p>In the Bieszczady Mountains, wisents became extinct in the 18th century, between 1960s and 1980s, they were reintroduced into Carpathian forests. The Bieszczady Mountains are home to subpopulations of wisent (eastern and western), which until recently had no contact with each other. Due to the ever increasing numbers (presently more than 340), individual specimens began to move between these groups. Hazards to maintaining the wisent population include low genetic variability, and various kinds of diseases, e.g. tuberculosis.<\/p>\n\n\n\n<p>EU Law<\/p>\n\n\n\n<p>&#8211; Habitat Directive \u2013 Appendix II and IV<\/p>\n\n\n\n<p>&#8211; Bern Convention \u2013 Appendix III<\/p>\n\n\n\n<p>National legislation<\/p>\n\n\n\n<p>&#8211; Species protection \u2013 strict protection \u2013 species requiring active protection<\/p>\n\n\n\n<p>IUCN threat category<\/p>\n\n\n\n<p>&#8211; IUCN Red List of endangered species \u2013 VU (vulnerable)<\/p>\n\n\n\n<p>&#8211; Polish Red Book of animals (2001) \u2013 EN (endangered)<\/p>\n\n\n\n<p>&#8211; Red List of vanishing and endangered species in Poland (2002) \u2013 EN<\/p>\n\n\n\n<p>&#8211; Red List for the Carpathians (2003) \u2013 EN (endangered), in Poland VU (vulnerable)<\/p>\n\n\n\n<p>GRUPA MEDIA INFORMACYJNE<\/p>\n","protected":false},"excerpt":{"rendered":"<p>\u017bubr jest najwi\u0119kszym zwierz\u0119ciem \u017cyj\u0105cym w Europie. Pot\u0119\u017cne, rogate zwierz\u0119ta, o charakterystycznym garbie, wygl\u0105daj\u0105 jakby przyw\u0119drowa\u0142y z prehistorycznych czas\u00f3w. Niegdy\u015b, gdy Europ\u0119 pokrywa\u0142y bujne lasy, ich domem by\u0142 niemal ca\u0142y obszar naszego kontynentu, dzi\u015b wyst\u0119puj\u0105 bardzo rzadko i na wolno\u015bci mo\u017cna spotka\u0107 je tylko w nielicznych miejscach na \u015bwiecie. Liczebno\u015b\u0107 Obecnie liczba \u017cubr\u00f3w wolno \u017cyj\u0105cych [&hellip;]<\/p>\n","protected":false},"author":1,"featured_media":54,"comment_status":"closed","ping_status":"open","sticky":false,"template":"","format":"standard","meta":{"footnotes":""},"categories":[3],"tags":[],"class_list":["post-52","post","type-post","status-publish","format-standard","has-post-thumbnail","hentry","category-poland"],"_links":{"self":[{"href":"http:\/\/mediainformacyjne.com\/BiznesClubQ\/wp-json\/wp\/v2\/posts\/52","targetHints":{"allow":["GET"]}}],"collection":[{"href":"http:\/\/mediainformacyjne.com\/BiznesClubQ\/wp-json\/wp\/v2\/posts"}],"about":[{"href":"http:\/\/mediainformacyjne.com\/BiznesClubQ\/wp-json\/wp\/v2\/types\/post"}],"author":[{"embeddable":true,"href":"http:\/\/mediainformacyjne.com\/BiznesClubQ\/wp-json\/wp\/v2\/users\/1"}],"replies":[{"embeddable":true,"href":"http:\/\/mediainformacyjne.com\/BiznesClubQ\/wp-json\/wp\/v2\/comments?post=52"}],"version-history":[{"count":1,"href":"http:\/\/mediainformacyjne.com\/BiznesClubQ\/wp-json\/wp\/v2\/posts\/52\/revisions"}],"predecessor-version":[{"id":53,"href":"http:\/\/mediainformacyjne.com\/BiznesClubQ\/wp-json\/wp\/v2\/posts\/52\/revisions\/53"}],"wp:featuredmedia":[{"embeddable":true,"href":"http:\/\/mediainformacyjne.com\/BiznesClubQ\/wp-json\/wp\/v2\/media\/54"}],"wp:attachment":[{"href":"http:\/\/mediainformacyjne.com\/BiznesClubQ\/wp-json\/wp\/v2\/media?parent=52"}],"wp:term":[{"taxonomy":"category","embeddable":true,"href":"http:\/\/mediainformacyjne.com\/BiznesClubQ\/wp-json\/wp\/v2\/categories?post=52"},{"taxonomy":"post_tag","embeddable":true,"href":"http:\/\/mediainformacyjne.com\/BiznesClubQ\/wp-json\/wp\/v2\/tags?post=52"}],"curies":[{"name":"wp","href":"https:\/\/api.w.org\/{rel}","templated":true}]}}